{"id":604,"date":"2022-10-09T22:25:34","date_gmt":"2022-10-09T22:25:34","guid":{"rendered":"https:\/\/www.anglicananobrasil.com\/on\/?p=604"},"modified":"2022-10-10T12:37:24","modified_gmt":"2022-10-10T12:37:24","slug":"carta-a-nacao","status":"publish","type":"post","link":"https:\/\/www.anglicananobrasil.com\/on\/carta-a-nacao\/","title":{"rendered":"CARTA \u00c0 NA\u00c7\u00c3O BRASILEIRA"},"content":{"rendered":"\n<p>Recife, 05 de outubro de 2022<\/p>\n\n\n\n<p>Aos Crist\u00e3os da Na\u00e7\u00e3o Brasileira, especialmente \u00e0 fam\u00edlia Anglicana no Brasil<\/p>\n\n\n\n<p>N\u00f3s, bispos do Col\u00e9gio Episcopal da igreja Anglicana no Brasil, chegamos at\u00e9 voc\u00eas para cumprir com o nosso minist\u00e9rio pastoral e prof\u00e9tico de anunciar o Reino de Deus, denunciar toda injusti\u00e7a e tudo aquilo que se levante contra os valores deste Reino. Para tal nesse per\u00edodo eleitoral e decisivo da nossa na\u00e7\u00e3o, recomendamos que:<\/p>\n\n\n\n<ol class=\"wp-block-list\" type=\"1\"><li><strong>Nenhuma de nossas igrejas<\/strong> devem ser usadas como tribuna para candidatos de qualquer partido<\/li><li><strong>Nossos cl\u00e9rigos <\/strong>n\u00e3o devem se envolver em campanhas de qualquer candidato<\/li><li><strong>Oremos<\/strong>, porque nossa na\u00e7\u00e3o precisa de nossos joelhos (1 Tm 2:1-2)<\/li><\/ol>\n\n\n\n<ol class=\"wp-block-list\" type=\"1\" start=\"4\"><li><strong>Exer\u00e7amos nossa cidadania \u2013&nbsp;<\/strong>Todo(a) brasileiro(a) devidamente habilitado(a) pode e deve exercer o direito de escolher um candidato. Recomendamos que n\u00e3o se abstenham, n\u00e3o se isentem, n\u00e3o sejamos omissos em um momento t\u00e3o cr\u00edtico da na\u00e7\u00e3o. (Mt 5:13-16)<\/li><li><strong>Atentemos para a import\u00e2<\/strong><strong>n<\/strong><strong>cia da elei\u00e7<\/strong><strong>\u00e3<\/strong><strong>o- <\/strong>Al\u00e9m do presidente, 12 Estados ainda estar\u00e3o escolhendo seus mandat\u00e1rios e nossa participa\u00e7\u00e3o continua sendo fundamental. ( 1 Ts 5:21)<\/li><li><strong>Tenhamos serenidade diante de todo tumulto.&nbsp;<\/strong>A campanha eleitoral est\u00e1 acirrada. A serenidade \u00e9 necess\u00e1ria diante de tanta confus\u00e3o estabelecida nessa disputa. Recomendamos pensar e n\u00e3o se deixar manipular pelos discursos e promessas que s\u00e3o as mesmas a cada quatro anos. ( 2 Tm 2:23-24)<\/li><li><strong>Entendamos que obriga\u00e7<\/strong><strong>\u00e3<\/strong><strong>o n\u00e3o \u00e9 proposta-&nbsp;<\/strong>Os candidatos a cada elei\u00e7\u00e3o afirmam com altivez que defender\u00e3o especialmente os pobres com os recursos para EDUCAC\u00c3O-SA\u00daDE-COMBATE A VIOLENCIA- SEGURANC\u0327A. Lembrem que essas s\u00e3o parte das obriga\u00e7\u00f5es constitucionais do Estado e n\u00e3o benef\u00edcios que eles trar\u00e3o. Eles s\u00e3o OBRIGADOS a fazer isso. Candidatos e seus apoiadores colocam esses temas como sendo uma grande proposta pessoal deles e n\u00e3o obriga\u00e7\u00e3o do Estado e de sua fun\u00e7\u00e3o de parlamentar. (Pv 14:31)<\/li><li><strong>N\u00e3o nos deixemos manipular, observemos se h\u00e1 coer\u00eancia.&nbsp;<\/strong>Sugerimos fazer uma pesquisa sobre o candidato e seus apoiadores, quem eles s\u00e3o, se h\u00e1 coer\u00eancia em suas alian\u00e7as e propostas. &nbsp;(Mt 5:37)<\/li><li><strong>Priorizemos princ\u00edpios e valores.&nbsp;<\/strong>Os valores Judaico-crist\u00e3os s\u00e3o a base da sociedade ocidental. Voc\u00ea como crist\u00e3o(\u00e3) deve lutar para preserv\u00e1-los. Os legisladores est\u00e3o entrando nos nossos lares e contra o direito da fam\u00edlia, tem tentado educar nossos filhos atrav\u00e9s da cria\u00e7\u00e3o de leis e estrat\u00e9gias dentro do sistema educativo. N\u00e3o sejamos ing\u00eanuos, o mal n\u00e3o se apresenta raivoso, mas sonso. O que pensa o seu Candidato ou seus apoiadores a esse respeito? Abaixo alguns desdobramentos dos Princ\u00edpios e valores que s\u00e3o inegoci\u00e1veis e defendemos como crist\u00e3os (Pv 22:6)<ul><li><strong>Valores da fam\u00edlia-&nbsp;<\/strong>A cristandade cr\u00ea na fam\u00edlia como a uni\u00e3o de um homem e uma mulher com o proposito de ser feliz, de procriar e encher a terra da gra\u00e7a de Deus. Rejeitamos veementemente o que tem se chamado de \u201cideologia de g\u00eanero\u201d abusando emocionalmente nossas crian\u00e7as. A cria\u00e7\u00e3o de uma crian\u00e7a sem a presen\u00e7a masculina e a feminina traz malef\u00edcios comprovados cientificamente h\u00e1 muito. O que defendem os seus candidatos e seus apoiadores a esse respeito? (Js 24:15)<\/li><li><strong>Valores \u00e9ticos&nbsp;<\/strong>\u2013 A honestidade e a integridade s\u00e3o valores inegoci\u00e1veis. Os candidatos devem ter seus nomes limpos e nunca terem atentado contra o er\u00e1rio publico, que drena as riquezas da na\u00e7\u00e3o. Recentemente vimos o nosso pa\u00eds ser alvo do maior esc\u00e2ndalo de corrup\u00e7\u00e3o de nossa hist\u00f3ria e talvez do mundo. A corrup\u00e7\u00e3o n\u00e3o tem partido ou ideologia, ela \u00e9 um mal do desvio dos prop\u00f3sitos de Deus. Como se comporta seu candidato a esse respeito? (J\u00f3 15:16)<\/li><\/ul><\/li><li><strong>Valores da vida&nbsp;<\/strong>\u2013 Como crist\u00e3os defendemos a vida e somos contra a interrup\u00e7\u00e3o da gravidez em qualquer fase dela, desde a fecunda\u00e7\u00e3o. <strong><em>Entendemos o aborto como o assassinato de um n\u00e3o nascido indefeso<\/em><\/strong>. N\u00e3o se pode argumentar que \u201cmulheres est\u00e3o morrendo por abortos ilegais \u201ce escolher matar outro ser indefeso para salv\u00e1-la. Ambos devem ter direito a vida. O que seus candidatos e seus apoiadores pensam sobre isso? (Ex 20:13;Dt 5:17)<\/li><li><strong>Valores da justi\u00e7<\/strong><strong>a<\/strong><strong>&nbsp;<\/strong>\u2013 Justi\u00e7a na compreens\u00e3o do evangelho \u00e9 \u201cfazer a coisa certa\u201d, o cristianismo defende a igualdade de oportunidade para todos e o cuidado com os mais desprovidos e marginalizados da sociedade. Rejeitamos as sociofobias seja homo, h\u00e9tero ou de qualquer tipo. Todos devem ser iguais perante a lei e todos devem ter deveres e direitos. (J\u00f3 8:3)<\/li><li><strong>Ideologiza\u00e7\u00e3o do g\u00eanero humano \u2013 <\/strong>Entendemos que Deus criou homem e mulher para se completarem, crescerem e multiplicarem. O que v\u00e1 al\u00e9m disso \u00e9 op\u00e7\u00e3o pessoal de cada um e devem ser respeitados os que creem e os que fazem suas op\u00e7\u00f5es. (Gn 1:27)<\/li><li><strong>Valores espirituais \u2013<\/strong> Sim entendemos ser importante avaliar a espiritualidade de seu candidato. O Estado \u00e9 laico para n\u00e3o promover uma confiss\u00e3o, mas a na\u00e7\u00e3o \u00e9 livre para viver de acordo coma sua espiritualidade. Nosso Deus \u00e9 Jesus Cristo, rejeited optar por candidatos que se op\u00f5em a f\u00e9 crist\u00e3. (Ex 20:3)<\/li><li><strong>Defendamos a livre iniciativa e o direito \u00e0 propriedade&nbsp;<\/strong>\u2013 O Estado tem suas obriga\u00e7\u00f5es e a iniciativa privada deve ter sua liberdade. Defendemos a economia de mercado e entendemos que o Congresso Nacional e a Presid\u00eancia da Rep\u00fablica tem o dever de promover uma economia equilibrada, fortalecer o acesso ao cr\u00e9dito, valorizar as riquezas nacionais, diminuir o tamanho do Estado para que haja gera\u00e7\u00e3o de empregos que trar\u00e1\u0301 uma sociedade mais justa e, preservar o direito \u00e0 propriedade combatendo as invas\u00f5es delas. Nossa heran\u00e7a protestante d\u00e1 valor a iniciativa privada com \u00e9tica e honestidade e justi\u00e7a. (Ex 20:17)<\/li><li><strong>Lembremo-nos dos mais necessitados <\/strong><strong>&#8211; <\/strong>Com seu voto, voc\u00ea tem a oportunidade para defender quem \u00e9 mais vulner\u00e1vel na sociedade. De acordo com a B\u00edblia, os governantes t\u00eam o dever de&nbsp;proteger os mais necessitados. Enquanto voc\u00ea analisa as pol\u00edticas de cada candidato, n\u00e3o pense somente em voc\u00ea. Pense tamb\u00e9m em quem precisa de ajuda.( Pv 312:8-9)<\/li><li><strong>Entendamos que n\u00e3o h\u00e1 candidatos \u201cungidos\u201d \u2013&nbsp;<\/strong>A pol\u00edtica \u00e9 uma atividade nobre e deve ser exercida para o povo e em benef\u00edcio dele. A Igreja n\u00e3o deve ser \u201ccabo eleitoral\u201d. A lei pro\u00edbe o uso da estrutura das religi\u00f5es e da f\u00e9 como plataforma de lan\u00e7amento de candidatos. Estamos elegendo pessoas para fazer o bem da na\u00e7\u00e3o e n\u00e3o da \u201cminha religi\u00e3o\u201d. Qual a pr\u00e1tica de seu candidato e de seus apoiadores a esse respeito? (1 Samuel 15:26)<\/li><li><strong>Denunciemos toda forma de corrup\u00e7<\/strong><strong>\u00e3<\/strong><strong>o<\/strong>. Ela destr\u00f3i as bases produtivas e a economia da na\u00e7\u00e3o, drenando seus recursos e evitando que eles sejam utilizados em prol das obriga\u00e7\u00f5es inerentes ao Estado. Seu candidato ou seus apoiadores est\u00e3o ou estiveram envolvidos em corrup\u00e7\u00e3o? (Ex 20:15)<\/li><li><strong>Defendamos o Estado Laico, mas n\u00e3o ateu-&nbsp;<\/strong>O Estado laico defende a liberdade religiosa e n\u00e3o prioriza nenhuma delas. Temos visto uma tentativa de se criar um Estado \u201cCristianof\u00f3bico\u201d. Qual a postura&nbsp;de seu candidato e de seus apoiadores quanto a isso? (T 5:10-12)<\/li><li><strong>Rejeitemos a legaliza\u00e7<\/strong><strong>\u00e3<\/strong><strong>o do consumo de drogas-&nbsp;<\/strong>Entendemos que o que gera o tr\u00e1fico de drogas s\u00e3o os consumidores. Muitos deles s\u00e3o v\u00edtimas outros s\u00e3o protagonistas e, conscientes ou n\u00e3o, se tornam os associados indiretos dos traficantes, sem consumidores n\u00e3o haver\u00e1\u0301 tr\u00e1fico. As drogas t\u00eam sido a causa de muitos dos maiores males que vive a sociedade mundial. Como Igreja temos lutado com nossas forcas com ou sem apoio do Estado na cria\u00e7\u00e3o de redes de apoio e casas de recupera\u00e7\u00e3o de usu\u00e1rios de drogas. Entendemos que a educa\u00e7\u00e3o e uma fam\u00edlia equilibrada s\u00e3o o maior antidoto contra o uso de drogas. Essa tem sido a miss\u00e3o da Igreja. O que seu candidato e seus apoiadores pensam sobre isso? (1 Pe 5:8)<\/li><li><strong>Escolhamos candidatos-&nbsp;<\/strong>Existem candidatos e partidos que podem ser identificados dentro dessas recomenda\u00e7\u00f5es. A escolha ser\u00e1\u0301 sempre de cada um de n\u00f3s, e as consequ\u00eancias da mesma forma, sempre ser\u00e3o sofridas por cada um de n\u00f3s.<\/li><\/ol>\n\n\n\n<p>Essa \u00e9 a nossa posi\u00e7\u00e3o como Igreja de Jesus Cristo, que Deus nos aben\u00e7oe e tenha miseric\u00f3rdia de n\u00f3s.<\/p>\n\n\n\n<p>Revmo. ++ Miguel Uchoa Cavalcanti<\/p>\n\n\n\n<p>Bispo Diocesano de Recife e Primaz do Brasil<\/p>\n\n\n\n<p>Revmo. + Marcio Meira<\/p>\n\n\n\n<p>Bispo Diocesano de Jo\u00e3o Pessoa PB<\/p>\n\n\n\n<p>Revmo. + Marcio Sim\u00f5es<\/p>\n\n\n\n<p>Bispo Diocesano de Vit\u00f3ria PE<\/p>\n\n\n\n<p>Revmo. + Evil\u00e1sio Ten\u00f3rio<\/p>\n\n\n\n<p>Bispo Auxiliar de Recife<\/p>\n\n\n\n<p>Revmo. + Flavio Adair<\/p>\n\n\n\n<p>Bispo Auxiliar de Recife Norte<\/p>\n\n\n\n<p><em>&nbsp;\u201cAi daqueles que fazem leis injustas, que escrevem decretos opressores para privar os pobres dos seus direitos e da justi\u00e7a\u201d (Isa\u00edas 10, 1)<\/em><\/p>\n","protected":false},"excerpt":{"rendered":"<p>Recife, 05 de outubro de 2022 Aos Crist\u00e3os da Na\u00e7\u00e3o Brasileira, especialmente \u00e0 fam\u00edlia Anglicana no Brasil N\u00f3s, bispos do Col\u00e9gio Episcopal da igreja Anglicana no Brasil, chegamos at\u00e9 voc\u00eas para cumprir com o nosso minist\u00e9rio pastoral e prof\u00e9tico de anunciar o Reino de Deus, denunciar toda injusti\u00e7a e tudo aquilo que se levante contra [&hellip;]<\/p>\n","protected":false},"author":1,"featured_media":606,"comment_status":"open","ping_status":"closed","sticky":false,"template":"","format":"standard","meta":{"_et_pb_use_builder":"","_et_pb_old_content":"","_et_gb_content_width":"","footnotes":""},"categories":[15,4,1],"tags":[],"class_list":["post-604","post","type-post","status-publish","format-standard","has-post-thumbnail","hentry","category-bispos-iab","category-comunicados","category-primaz"],"_links":{"self":[{"href":"https:\/\/www.anglicananobrasil.com\/on\/wp-json\/wp\/v2\/posts\/604","targetHints":{"allow":["GET"]}}],"collection":[{"href":"https:\/\/www.anglicananobrasil.com\/on\/wp-json\/wp\/v2\/posts"}],"about":[{"href":"https:\/\/www.anglicananobrasil.com\/on\/wp-json\/wp\/v2\/types\/post"}],"author":[{"embeddable":true,"href":"https:\/\/www.anglicananobrasil.com\/on\/wp-json\/wp\/v2\/users\/1"}],"replies":[{"embeddable":true,"href":"https:\/\/www.anglicananobrasil.com\/on\/wp-json\/wp\/v2\/comments?post=604"}],"version-history":[{"count":0,"href":"https:\/\/www.anglicananobrasil.com\/on\/wp-json\/wp\/v2\/posts\/604\/revisions"}],"wp:featuredmedia":[{"embeddable":true,"href":"https:\/\/www.anglicananobrasil.com\/on\/wp-json\/wp\/v2\/media\/606"}],"wp:attachment":[{"href":"https:\/\/www.anglicananobrasil.com\/on\/wp-json\/wp\/v2\/media?parent=604"}],"wp:term":[{"taxonomy":"category","embeddable":true,"href":"https:\/\/www.anglicananobrasil.com\/on\/wp-json\/wp\/v2\/categories?post=604"},{"taxonomy":"post_tag","embeddable":true,"href":"https:\/\/www.anglicananobrasil.com\/on\/wp-json\/wp\/v2\/tags?post=604"}],"curies":[{"name":"wp","href":"https:\/\/api.w.org\/{rel}","templated":true}]}}